{"id":1056,"date":"2020-12-01T19:52:07","date_gmt":"2020-12-01T18:52:07","guid":{"rendered":"http:\/\/localhost\/ansi\/?p=1056"},"modified":"2024-10-22T18:07:10","modified_gmt":"2024-10-22T16:07:10","slug":"nuestro-proyecto-cies-uav-solar-ha-sido-seleccionado-para-la-business-factory-aero","status":"publish","type":"post","link":"https:\/\/ansisl.com\/en\/nuestro-proyecto-cies-uav-solar-ha-sido-seleccionado-para-la-business-factory-aero\/","title":{"rendered":"Our project C\u00cdES UAV SOLAR has been selected for the Business Factory Aero"},"content":{"rendered":"<div data-elementor-type=\"wp-post\" data-elementor-id=\"1056\" class=\"elementor elementor-1056\">\n\t\t\t\t<div class=\"elementor-element elementor-element-3974267 e-con-full e-flex e-con e-parent\" data-id=\"3974267\" data-element_type=\"container\" data-settings=\"{&quot;background_background&quot;:&quot;classic&quot;}\">\n\t\t<div class=\"elementor-element elementor-element-0b5cbfe e-flex e-con-boxed e-con e-child\" data-id=\"0b5cbfe\" data-element_type=\"container\">\n\t\t\t\t\t<div class=\"e-con-inner\">\n\t\t<div class=\"elementor-element elementor-element-899e1f7 e-con-full e-flex e-con e-child\" data-id=\"899e1f7\" data-element_type=\"container\">\n\t\t\t\t<div class=\"elementor-element elementor-element-003c510 elementor-widget elementor-widget-text-editor\" data-id=\"003c510\" data-element_type=\"widget\" data-widget_type=\"text-editor.default\">\n\t\t\t\t\t\t\t\t\t<p>Our project C\u00cdES UAV SOLAR has been selected for the Business Factory Aero<\/p>\t\t\t\t\t\t\t\t<\/div>\n\t\t\t\t<\/div>\n\t\t\t\t\t<\/div>\n\t\t\t\t<\/div>\n\t\t\t\t<\/div>\n\t\t<div class=\"elementor-element elementor-element-860e3b5 e-flex e-con-boxed e-con e-parent\" data-id=\"860e3b5\" data-element_type=\"container\">\n\t\t\t\t\t<div class=\"e-con-inner\">\n\t\t<div class=\"elementor-element elementor-element-cafd96c e-con-full e-flex e-con e-child\" data-id=\"cafd96c\" data-element_type=\"container\">\n\t\t\t\t<div class=\"elementor-element elementor-element-69670a4 elementor-widget__width-initial elementor-widget-mobile__width-initial elementor-widget elementor-widget-image\" data-id=\"69670a4\" data-element_type=\"widget\" data-widget_type=\"image.default\">\n\t\t\t\t\t\t\t\t\t\t\t\t\t\t\t<img fetchpriority=\"high\" decoding=\"async\" width=\"800\" height=\"377\" src=\"https:\/\/ansisl.com\/wp-content\/uploads\/2024\/09\/CIES-UAV-SOLAR-ANSI-BFAERO.jpg\" class=\"attachment-2048x2048 size-2048x2048 wp-image-1057\" alt=\"\" \/>\t\t\t\t\t\t\t\t\t\t\t\t\t\t\t<\/div>\n\t\t<div class=\"elementor-element elementor-element-2132850 e-con-full e-flex e-con e-child\" data-id=\"2132850\" data-element_type=\"container\">\n\t\t\t\t<div class=\"elementor-element elementor-element-d6d8293 elementor-widget elementor-widget-text-editor\" data-id=\"d6d8293\" data-element_type=\"widget\" data-widget_type=\"text-editor.default\">\n\t\t\t\t\t\t\t\t\t<div class=\"fusion-text\" style=\"margin: 0px; padding: 0px; border: 0px; outline: 0px; text-size-adjust: 100%; vertical-align: baseline; background-image: initial; background-position: initial; background-size: initial; background-repeat: initial; background-attachment: initial; background-origin: initial; background-clip: initial; color: #636569; font-family: 'Open Sans', Helvetica, Arial, Lucida, sans-serif;\"><p>Our project C\u00cdES UAV SOLAR has been selected for the Business Factory Aero<\/p><p>The C\u00cdES SOLAR is a UAV designed by the ANSI \/ UAV INSTRUMENTS team for applications in photogrammetry, surveying, remote sensing, reconnaissance, and precision agriculture.<\/p><p>We are grateful for the support shown by Civil UAVs Initiative \u2013 Xunta de Galicia, GAIN Axencia Galega de Innovaci\u00f3n, and our partners for selecting us for the acceleration phase. Congratulations to our entire UAV INSTRUMENTS team for their incredible effort and dedication.<\/p><p>The C\u00cdES is an easy-to-operate system that requires only a few days of training for new operators, thanks to its simple catapult launch, autonomous flight, and automatic parachute landing. The system incorporates autonomous flight procedures, including a set of preprogrammed safety options in accordance with current safety regulations.<\/p><p class=\"translation-block\">More information: <a style=\"margin: 0px;padding: 0px;border: 0px;vertical-align: baseline;background-image: initial;background-position: initial;background-size: initial;background-repeat: initial;background-attachment: initial;color: #0093c6\" href=\"https:\/\/www.bfaero.es\/gl\/post\/bfaero-anuncia-las-siete-nuevas-startups-de-su-tercera-edicin-y-licencia-sus-tres-primeros-proyectoses\" target=\"_blank\" rel=\"noopener\">BFAero<\/a><\/p><\/div>\t\t\t\t\t\t\t\t<\/div>\n\t\t\t\t<\/div>\n\t\t\t\t<\/div>\n\t\t\t\t\t<\/div>\n\t\t\t\t<\/div>\n\t\t\t\t<\/div>","protected":false},"excerpt":{"rendered":"<p>Nuestro proyecto C\u00cdES UAV SOLAR ha sido seleccionado para la Business Factory Aero Nuestro proyecto C\u00cdES UAV SOLAR,\u00a0ha sido seleccionado [&hellip;]<\/p>","protected":false},"author":1,"featured_media":1057,"comment_status":"closed","ping_status":"open","sticky":false,"template":"","format":"standard","meta":{"site-sidebar-layout":"default","site-content-layout":"","ast-site-content-layout":"default","site-content-style":"default","site-sidebar-style":"default","ast-global-header-display":"","ast-banner-title-visibility":"","ast-main-header-display":"","ast-hfb-above-header-display":"","ast-hfb-below-header-display":"","ast-hfb-mobile-header-display":"","site-post-title":"","ast-breadcrumbs-content":"","ast-featured-img":"","footer-sml-layout":"","theme-transparent-header-meta":"","adv-header-id-meta":"","stick-header-meta":"","header-above-stick-meta":"","header-main-stick-meta":"","header-below-stick-meta":"","astra-migrate-meta-layouts":"default","ast-page-background-enabled":"default","ast-page-background-meta":{"desktop":{"background-color":"var(--ast-global-color-4)","background-image":"","background-repeat":"repeat","background-position":"center center","background-size":"auto","background-attachment":"scroll","background-type":"","background-media":"","overlay-type":"","overlay-color":"","overlay-opacity":"","overlay-gradient":""},"tablet":{"background-color":"","background-image":"","background-repeat":"repeat","background-position":"center center","background-size":"auto","background-attachment":"scroll","background-type":"","background-media":"","overlay-type":"","overlay-color":"","overlay-opacity":"","overlay-gradient":""},"mobile":{"background-color":"","background-image":"","background-repeat":"repeat","background-position":"center center","background-size":"auto","background-attachment":"scroll","background-type":"","background-media":"","overlay-type":"","overlay-color":"","overlay-opacity":"","overlay-gradient":""}},"ast-content-background-meta":{"desktop":{"background-color":"var(--ast-global-color-5)","background-image":"","background-repeat":"repeat","background-position":"center center","background-size":"auto","background-attachment":"scroll","background-type":"","background-media":"","overlay-type":"","overlay-color":"","overlay-opacity":"","overlay-gradient":""},"tablet":{"background-color":"var(--ast-global-color-5)","background-image":"","background-repeat":"repeat","background-position":"center center","background-size":"auto","background-attachment":"scroll","background-type":"","background-media":"","overlay-type":"","overlay-color":"","overlay-opacity":"","overlay-gradient":""},"mobile":{"background-color":"var(--ast-global-color-5)","background-image":"","background-repeat":"repeat","background-position":"center center","background-size":"auto","background-attachment":"scroll","background-type":"","background-media":"","overlay-type":"","overlay-color":"","overlay-opacity":"","overlay-gradient":""}},"powered_cache_disable_cache":false,"powered_cache_disable_lazyload":false,"footnotes":""},"categories":[9,13],"tags":[],"class_list":["post-1056","post","type-post","status-publish","format-standard","has-post-thumbnail","hentry","category-diseno-de-producto","category-publicaciones"],"yoast_head":"<!-- This site is optimized with the Yoast SEO plugin v26.3 - https:\/\/yoast.com\/wordpress\/plugins\/seo\/ -->\n<title>Nuestro proyecto C\u00cdES UAV SOLAR ha sido seleccionado para la Business Factory Aero - ANSI - An\u00e1lisis y soluciones de ingenier\u00eda<\/title>\n<meta name=\"robots\" content=\"index, follow, max-snippet:-1, max-image-preview:large, max-video-preview:-1\" \/>\n<link rel=\"canonical\" href=\"https:\/\/ansisl.com\/en\/nuestro-proyecto-cies-uav-solar-ha-sido-seleccionado-para-la-business-factory-aero\/\" \/>\n<meta property=\"og:locale\" content=\"en_GB\" \/>\n<meta property=\"og:type\" content=\"article\" \/>\n<meta property=\"og:title\" content=\"Nuestro proyecto C\u00cdES UAV SOLAR ha sido seleccionado para la Business Factory Aero - ANSI - An\u00e1lisis y soluciones de ingenier\u00eda\" \/>\n<meta property=\"og:description\" content=\"Nuestro proyecto C\u00cdES UAV SOLAR ha sido seleccionado para la Business Factory Aero Nuestro proyecto C\u00cdES UAV SOLAR,\u00a0ha sido seleccionado [&hellip;]\" \/>\n<meta property=\"og:url\" content=\"https:\/\/ansisl.com\/en\/nuestro-proyecto-cies-uav-solar-ha-sido-seleccionado-para-la-business-factory-aero\/\" \/>\n<meta property=\"og:site_name\" content=\"ANSI - An\u00e1lisis y soluciones de ingenier\u00eda\" \/>\n<meta property=\"article:published_time\" content=\"2020-12-01T18:52:07+00:00\" \/>\n<meta property=\"article:modified_time\" content=\"2024-10-22T16:07:10+00:00\" \/>\n<meta property=\"og:image\" content=\"https:\/\/ansisl.com\/wp-content\/uploads\/2024\/09\/CIES-UAV-SOLAR-ANSI-BFAERO.jpg\" \/>\n\t<meta property=\"og:image:width\" content=\"800\" \/>\n\t<meta property=\"og:image:height\" content=\"377\" \/>\n\t<meta property=\"og:image:type\" content=\"image\/jpeg\" \/>\n<meta name=\"author\" content=\"Tecnico\" \/>\n<meta name=\"twitter:card\" content=\"summary_large_image\" \/>\n<meta name=\"twitter:label1\" content=\"Written by\" \/>\n\t<meta name=\"twitter:data1\" content=\"Tecnico\" \/>\n\t<meta name=\"twitter:label2\" content=\"Estimated reading time\" \/>\n\t<meta name=\"twitter:data2\" content=\"1 minute\" \/>\n<script type=\"application\/ld+json\" class=\"yoast-schema-graph\">{\"@context\":\"https:\/\/schema.org\",\"@graph\":[{\"@type\":\"Article\",\"@id\":\"https:\/\/ansisl.com\/nuestro-proyecto-cies-uav-solar-ha-sido-seleccionado-para-la-business-factory-aero\/#article\",\"isPartOf\":{\"@id\":\"https:\/\/ansisl.com\/nuestro-proyecto-cies-uav-solar-ha-sido-seleccionado-para-la-business-factory-aero\/\"},\"author\":{\"name\":\"Tecnico\",\"@id\":\"https:\/\/ansisl.com\/#\/schema\/person\/eedd733f4956e2349afddec6330254fb\"},\"headline\":\"Nuestro proyecto C\u00cdES UAV SOLAR ha sido seleccionado para la Business Factory Aero\",\"datePublished\":\"2020-12-01T18:52:07+00:00\",\"dateModified\":\"2024-10-22T16:07:10+00:00\",\"mainEntityOfPage\":{\"@id\":\"https:\/\/ansisl.com\/nuestro-proyecto-cies-uav-solar-ha-sido-seleccionado-para-la-business-factory-aero\/\"},\"wordCount\":197,\"publisher\":{\"@id\":\"https:\/\/ansisl.com\/#organization\"},\"image\":{\"@id\":\"https:\/\/ansisl.com\/nuestro-proyecto-cies-uav-solar-ha-sido-seleccionado-para-la-business-factory-aero\/#primaryimage\"},\"thumbnailUrl\":\"https:\/\/ansisl.com\/wp-content\/uploads\/2024\/09\/CIES-UAV-SOLAR-ANSI-BFAERO.jpg\",\"articleSection\":[\"Dise\u00f1o de producto\",\"Publicaciones\"],\"inLanguage\":\"en-GB\"},{\"@type\":\"WebPage\",\"@id\":\"https:\/\/ansisl.com\/nuestro-proyecto-cies-uav-solar-ha-sido-seleccionado-para-la-business-factory-aero\/\",\"url\":\"https:\/\/ansisl.com\/nuestro-proyecto-cies-uav-solar-ha-sido-seleccionado-para-la-business-factory-aero\/\",\"name\":\"Nuestro proyecto C\u00cdES UAV SOLAR ha sido seleccionado para la Business Factory Aero - ANSI - An\u00e1lisis y soluciones de ingenier\u00eda\",\"isPartOf\":{\"@id\":\"https:\/\/ansisl.com\/#website\"},\"primaryImageOfPage\":{\"@id\":\"https:\/\/ansisl.com\/nuestro-proyecto-cies-uav-solar-ha-sido-seleccionado-para-la-business-factory-aero\/#primaryimage\"},\"image\":{\"@id\":\"https:\/\/ansisl.com\/nuestro-proyecto-cies-uav-solar-ha-sido-seleccionado-para-la-business-factory-aero\/#primaryimage\"},\"thumbnailUrl\":\"https:\/\/ansisl.com\/wp-content\/uploads\/2024\/09\/CIES-UAV-SOLAR-ANSI-BFAERO.jpg\",\"datePublished\":\"2020-12-01T18:52:07+00:00\",\"dateModified\":\"2024-10-22T16:07:10+00:00\",\"breadcrumb\":{\"@id\":\"https:\/\/ansisl.com\/nuestro-proyecto-cies-uav-solar-ha-sido-seleccionado-para-la-business-factory-aero\/#breadcrumb\"},\"inLanguage\":\"en-GB\",\"potentialAction\":[{\"@type\":\"ReadAction\",\"target\":[\"https:\/\/ansisl.com\/nuestro-proyecto-cies-uav-solar-ha-sido-seleccionado-para-la-business-factory-aero\/\"]}]},{\"@type\":\"ImageObject\",\"inLanguage\":\"en-GB\",\"@id\":\"https:\/\/ansisl.com\/nuestro-proyecto-cies-uav-solar-ha-sido-seleccionado-para-la-business-factory-aero\/#primaryimage\",\"url\":\"https:\/\/ansisl.com\/wp-content\/uploads\/2024\/09\/CIES-UAV-SOLAR-ANSI-BFAERO.jpg\",\"contentUrl\":\"https:\/\/ansisl.com\/wp-content\/uploads\/2024\/09\/CIES-UAV-SOLAR-ANSI-BFAERO.jpg\",\"width\":800,\"height\":377},{\"@type\":\"BreadcrumbList\",\"@id\":\"https:\/\/ansisl.com\/nuestro-proyecto-cies-uav-solar-ha-sido-seleccionado-para-la-business-factory-aero\/#breadcrumb\",\"itemListElement\":[{\"@type\":\"ListItem\",\"position\":1,\"name\":\"Portada\",\"item\":\"https:\/\/ansisl.com\/\"},{\"@type\":\"ListItem\",\"position\":2,\"name\":\"Nuestro proyecto C\u00cdES UAV SOLAR ha sido seleccionado para la Business Factory Aero\"}]},{\"@type\":\"WebSite\",\"@id\":\"https:\/\/ansisl.com\/#website\",\"url\":\"https:\/\/ansisl.com\/\",\"name\":\"ANSI - An\u00e1lisis y soluciones de ingenier\u00eda\",\"description\":\"\",\"publisher\":{\"@id\":\"https:\/\/ansisl.com\/#organization\"},\"potentialAction\":[{\"@type\":\"SearchAction\",\"target\":{\"@type\":\"EntryPoint\",\"urlTemplate\":\"https:\/\/ansisl.com\/?s={search_term_string}\"},\"query-input\":{\"@type\":\"PropertyValueSpecification\",\"valueRequired\":true,\"valueName\":\"search_term_string\"}}],\"inLanguage\":\"en-GB\"},{\"@type\":\"Organization\",\"@id\":\"https:\/\/ansisl.com\/#organization\",\"name\":\"ANSI - An\u00e1lisis y soluciones de ingenier\u00eda\",\"url\":\"https:\/\/ansisl.com\/\",\"logo\":{\"@type\":\"ImageObject\",\"inLanguage\":\"en-GB\",\"@id\":\"https:\/\/ansisl.com\/#\/schema\/logo\/image\/\",\"url\":\"http:\/\/localhost\/miweb\/wp-content\/uploads\/2024\/09\/Azul-con-tagline-1.png\",\"contentUrl\":\"http:\/\/localhost\/miweb\/wp-content\/uploads\/2024\/09\/Azul-con-tagline-1.png\",\"width\":6337,\"height\":2505,\"caption\":\"ANSI - An\u00e1lisis y soluciones de ingenier\u00eda\"},\"image\":{\"@id\":\"https:\/\/ansisl.com\/#\/schema\/logo\/image\/\"},\"sameAs\":[\"https:\/\/www.linkedin.com\/company\/analisis-y-soluciones-de-ingenieria-s-l\/\",\"https:\/\/www.youtube.com\/channel\/UCEXjLkQzgODcMsnCfluQSeQ\"]},{\"@type\":\"Person\",\"@id\":\"https:\/\/ansisl.com\/#\/schema\/person\/eedd733f4956e2349afddec6330254fb\",\"name\":\"Tecnico\",\"image\":{\"@type\":\"ImageObject\",\"inLanguage\":\"en-GB\",\"@id\":\"https:\/\/ansisl.com\/#\/schema\/person\/image\/\",\"url\":\"https:\/\/secure.gravatar.com\/avatar\/1f6220262003d6a9b4ede2dbd61327f5b7d3f42422b60502b67e4b9cf24f3f6b?s=96&d=mm&r=g\",\"contentUrl\":\"https:\/\/secure.gravatar.com\/avatar\/1f6220262003d6a9b4ede2dbd61327f5b7d3f42422b60502b67e4b9cf24f3f6b?s=96&d=mm&r=g\",\"caption\":\"Tecnico\"},\"sameAs\":[\"http:\/\/localhost\/ansi\"],\"url\":\"https:\/\/ansisl.com\/en\/author\/alfredo-fernandez\/\"}]}<\/script>\n<!-- \/ Yoast SEO plugin. -->","yoast_head_json":{"title":"Nuestro proyecto C\u00cdES UAV SOLAR ha sido seleccionado para la Business Factory Aero - ANSI - An\u00e1lisis y soluciones de ingenier\u00eda","robots":{"index":"index","follow":"follow","max-snippet":"max-snippet:-1","max-image-preview":"max-image-preview:large","max-video-preview":"max-video-preview:-1"},"canonical":"https:\/\/ansisl.com\/en\/nuestro-proyecto-cies-uav-solar-ha-sido-seleccionado-para-la-business-factory-aero\/","og_locale":"en_GB","og_type":"article","og_title":"Nuestro proyecto C\u00cdES UAV SOLAR ha sido seleccionado para la Business Factory Aero - ANSI - An\u00e1lisis y soluciones de ingenier\u00eda","og_description":"Nuestro proyecto C\u00cdES UAV SOLAR ha sido seleccionado para la Business Factory Aero Nuestro proyecto C\u00cdES UAV SOLAR,\u00a0ha sido seleccionado [&hellip;]","og_url":"https:\/\/ansisl.com\/en\/nuestro-proyecto-cies-uav-solar-ha-sido-seleccionado-para-la-business-factory-aero\/","og_site_name":"ANSI - An\u00e1lisis y soluciones de ingenier\u00eda","article_published_time":"2020-12-01T18:52:07+00:00","article_modified_time":"2024-10-22T16:07:10+00:00","og_image":[{"width":800,"height":377,"url":"https:\/\/ansisl.com\/wp-content\/uploads\/2024\/09\/CIES-UAV-SOLAR-ANSI-BFAERO.jpg","type":"image\/jpeg"}],"author":"Tecnico","twitter_card":"summary_large_image","twitter_misc":{"Written by":"Tecnico","Estimated reading time":"1 minute"},"schema":{"@context":"https:\/\/schema.org","@graph":[{"@type":"Article","@id":"https:\/\/ansisl.com\/nuestro-proyecto-cies-uav-solar-ha-sido-seleccionado-para-la-business-factory-aero\/#article","isPartOf":{"@id":"https:\/\/ansisl.com\/nuestro-proyecto-cies-uav-solar-ha-sido-seleccionado-para-la-business-factory-aero\/"},"author":{"name":"Tecnico","@id":"https:\/\/ansisl.com\/#\/schema\/person\/eedd733f4956e2349afddec6330254fb"},"headline":"Nuestro proyecto C\u00cdES UAV SOLAR ha sido seleccionado para la Business Factory Aero","datePublished":"2020-12-01T18:52:07+00:00","dateModified":"2024-10-22T16:07:10+00:00","mainEntityOfPage":{"@id":"https:\/\/ansisl.com\/nuestro-proyecto-cies-uav-solar-ha-sido-seleccionado-para-la-business-factory-aero\/"},"wordCount":197,"publisher":{"@id":"https:\/\/ansisl.com\/#organization"},"image":{"@id":"https:\/\/ansisl.com\/nuestro-proyecto-cies-uav-solar-ha-sido-seleccionado-para-la-business-factory-aero\/#primaryimage"},"thumbnailUrl":"https:\/\/ansisl.com\/wp-content\/uploads\/2024\/09\/CIES-UAV-SOLAR-ANSI-BFAERO.jpg","articleSection":["Dise\u00f1o de producto","Publicaciones"],"inLanguage":"en-GB"},{"@type":"WebPage","@id":"https:\/\/ansisl.com\/nuestro-proyecto-cies-uav-solar-ha-sido-seleccionado-para-la-business-factory-aero\/","url":"https:\/\/ansisl.com\/nuestro-proyecto-cies-uav-solar-ha-sido-seleccionado-para-la-business-factory-aero\/","name":"Nuestro proyecto C\u00cdES UAV SOLAR ha sido seleccionado para la Business Factory Aero - ANSI - An\u00e1lisis y soluciones de ingenier\u00eda","isPartOf":{"@id":"https:\/\/ansisl.com\/#website"},"primaryImageOfPage":{"@id":"https:\/\/ansisl.com\/nuestro-proyecto-cies-uav-solar-ha-sido-seleccionado-para-la-business-factory-aero\/#primaryimage"},"image":{"@id":"https:\/\/ansisl.com\/nuestro-proyecto-cies-uav-solar-ha-sido-seleccionado-para-la-business-factory-aero\/#primaryimage"},"thumbnailUrl":"https:\/\/ansisl.com\/wp-content\/uploads\/2024\/09\/CIES-UAV-SOLAR-ANSI-BFAERO.jpg","datePublished":"2020-12-01T18:52:07+00:00","dateModified":"2024-10-22T16:07:10+00:00","breadcrumb":{"@id":"https:\/\/ansisl.com\/nuestro-proyecto-cies-uav-solar-ha-sido-seleccionado-para-la-business-factory-aero\/#breadcrumb"},"inLanguage":"en-GB","potentialAction":[{"@type":"ReadAction","target":["https:\/\/ansisl.com\/nuestro-proyecto-cies-uav-solar-ha-sido-seleccionado-para-la-business-factory-aero\/"]}]},{"@type":"ImageObject","inLanguage":"en-GB","@id":"https:\/\/ansisl.com\/nuestro-proyecto-cies-uav-solar-ha-sido-seleccionado-para-la-business-factory-aero\/#primaryimage","url":"https:\/\/ansisl.com\/wp-content\/uploads\/2024\/09\/CIES-UAV-SOLAR-ANSI-BFAERO.jpg","contentUrl":"https:\/\/ansisl.com\/wp-content\/uploads\/2024\/09\/CIES-UAV-SOLAR-ANSI-BFAERO.jpg","width":800,"height":377},{"@type":"BreadcrumbList","@id":"https:\/\/ansisl.com\/nuestro-proyecto-cies-uav-solar-ha-sido-seleccionado-para-la-business-factory-aero\/#breadcrumb","itemListElement":[{"@type":"ListItem","position":1,"name":"Portada","item":"https:\/\/ansisl.com\/"},{"@type":"ListItem","position":2,"name":"Nuestro proyecto C\u00cdES UAV SOLAR ha sido seleccionado para la Business Factory Aero"}]},{"@type":"WebSite","@id":"https:\/\/ansisl.com\/#website","url":"https:\/\/ansisl.com\/","name":"ANSI - An\u00e1lisis y soluciones de ingenier\u00eda","description":"","publisher":{"@id":"https:\/\/ansisl.com\/#organization"},"potentialAction":[{"@type":"SearchAction","target":{"@type":"EntryPoint","urlTemplate":"https:\/\/ansisl.com\/?s={search_term_string}"},"query-input":{"@type":"PropertyValueSpecification","valueRequired":true,"valueName":"search_term_string"}}],"inLanguage":"en-GB"},{"@type":"Organization","@id":"https:\/\/ansisl.com\/#organization","name":"ANSI - An\u00e1lisis y soluciones de ingenier\u00eda","url":"https:\/\/ansisl.com\/","logo":{"@type":"ImageObject","inLanguage":"en-GB","@id":"https:\/\/ansisl.com\/#\/schema\/logo\/image\/","url":"http:\/\/localhost\/miweb\/wp-content\/uploads\/2024\/09\/Azul-con-tagline-1.png","contentUrl":"http:\/\/localhost\/miweb\/wp-content\/uploads\/2024\/09\/Azul-con-tagline-1.png","width":6337,"height":2505,"caption":"ANSI - An\u00e1lisis y soluciones de ingenier\u00eda"},"image":{"@id":"https:\/\/ansisl.com\/#\/schema\/logo\/image\/"},"sameAs":["https:\/\/www.linkedin.com\/company\/analisis-y-soluciones-de-ingenieria-s-l\/","https:\/\/www.youtube.com\/channel\/UCEXjLkQzgODcMsnCfluQSeQ"]},{"@type":"Person","@id":"https:\/\/ansisl.com\/#\/schema\/person\/eedd733f4956e2349afddec6330254fb","name":"Tecnico","image":{"@type":"ImageObject","inLanguage":"en-GB","@id":"https:\/\/ansisl.com\/#\/schema\/person\/image\/","url":"https:\/\/secure.gravatar.com\/avatar\/1f6220262003d6a9b4ede2dbd61327f5b7d3f42422b60502b67e4b9cf24f3f6b?s=96&d=mm&r=g","contentUrl":"https:\/\/secure.gravatar.com\/avatar\/1f6220262003d6a9b4ede2dbd61327f5b7d3f42422b60502b67e4b9cf24f3f6b?s=96&d=mm&r=g","caption":"Tecnico"},"sameAs":["http:\/\/localhost\/ansi"],"url":"https:\/\/ansisl.com\/en\/author\/alfredo-fernandez\/"}]}},"_links":{"self":[{"href":"https:\/\/ansisl.com\/en\/wp-json\/wp\/v2\/posts\/1056","targetHints":{"allow":["GET"]}}],"collection":[{"href":"https:\/\/ansisl.com\/en\/wp-json\/wp\/v2\/posts"}],"about":[{"href":"https:\/\/ansisl.com\/en\/wp-json\/wp\/v2\/types\/post"}],"author":[{"embeddable":true,"href":"https:\/\/ansisl.com\/en\/wp-json\/wp\/v2\/users\/1"}],"replies":[{"embeddable":true,"href":"https:\/\/ansisl.com\/en\/wp-json\/wp\/v2\/comments?post=1056"}],"version-history":[{"count":0,"href":"https:\/\/ansisl.com\/en\/wp-json\/wp\/v2\/posts\/1056\/revisions"}],"wp:featuredmedia":[{"embeddable":true,"href":"https:\/\/ansisl.com\/en\/wp-json\/wp\/v2\/media\/1057"}],"wp:attachment":[{"href":"https:\/\/ansisl.com\/en\/wp-json\/wp\/v2\/media?parent=1056"}],"wp:term":[{"taxonomy":"category","embeddable":true,"href":"https:\/\/ansisl.com\/en\/wp-json\/wp\/v2\/categories?post=1056"},{"taxonomy":"post_tag","embeddable":true,"href":"https:\/\/ansisl.com\/en\/wp-json\/wp\/v2\/tags?post=1056"}],"curies":[{"name":"wp","href":"https:\/\/api.w.org\/{rel}","templated":true}]}}